{"id":3113,"date":"2024-09-10T20:04:00","date_gmt":"2024-09-10T17:04:00","guid":{"rendered":"https:\/\/laterna.fi\/?p=3113"},"modified":"2024-11-20T12:11:25","modified_gmt":"2024-11-20T10:11:25","slug":"hannu-salaman-runot","status":"publish","type":"post","link":"https:\/\/laterna.fi\/en\/ohjelmisto\/menneettapahtumat\/hannu-salaman-runot\/","title":{"rendered":"Hannu Salaman runot"},"content":{"rendered":"<p>Hannu Salaman runot Laternassa klo 17.30-19-30<\/p>\n\n\n\n<p>Kirjailija Hannu Salama (s. 1936) tunnetaan erityisesti laajasta proosatuotannostaan, mutta h\u00e4nen runonsa ovat j\u00e4\u00e4neet v\u00e4hemm\u00e4lle huomiolle. Millaista on Hannu Salaman lyriikka?<\/p>\n\n\n\n<p>Aiheeseen johdattelee tietokirjailija, Salama-tutkija Milla Peltonen. Hannu Salaman runoudesta keskustelevat kirjailija Reetta Huttunen, sarjakuvataiteilija Aapo Kukko ja toimittaja Veli-Pekka Lepp\u00e4nen.<\/p>\n\n\n\n<p>Runot esitt\u00e4\u00e4 n\u00e4yttelij\u00e4 Auvo Vihro.<\/p>\n\n\n\n<p>Tilaisuuden j\u00e4rjest\u00e4\u00e4 Hannu Salama -seura yhdess\u00e4 Kaupungin valot ry:n ja Laternan kanssa.<br>Vapaa p\u00e4\u00e4sy!<\/p>\n\n\n\n<p>Tilaisuuden j\u00e4lkeen Kirjava keskiviikko jatkuu Maailmanrakastan salongin merkeiss\u00e4 klo&nbsp;19.30&nbsp;alkaen.<\/p>","protected":false},"excerpt":{"rendered":"<p>Hannu Salaman runot Laternassa klo 17.30-19-30 Kirjailija Hannu Salama (s. 1936) tunnetaan erityisesti laajasta proosatuotannostaan, mutta h\u00e4nen runonsa ovat j\u00e4\u00e4neet v\u00e4hemm\u00e4lle huomiolle. Millaista on Hannu Salaman lyriikka? Aiheeseen johdattelee tietokirjailija, Salama-tutkija Milla Peltonen. Hannu Salaman runoudesta keskustelevat kirjailija Reetta Huttunen, sarjakuvataiteilija Aapo Kukko ja toimittaja Veli-Pekka Lepp\u00e4nen. Runot esitt\u00e4\u00e4 n\u00e4yttelij\u00e4 Auvo Vihro. Tilaisuuden j\u00e4rjest\u00e4\u00e4 Hannu [&hellip;]<\/p>\n","protected":false},"author":3,"featured_media":3114,"comment_status":"closed","ping_status":"open","sticky":false,"template":"","format":"standard","meta":{"_acf_changed":false,"footnotes":""},"categories":[7],"tags":[],"class_list":["post-3113","post","type-post","status-publish","format-standard","has-post-thumbnail","hentry","category-menneettapahtumat"],"acf":[],"publishpress_future_action":{"enabled":false,"date":"2026-05-06 00:33:52","action":"category","newStatus":"draft","terms":[7],"taxonomy":"category","extraData":[]},"publishpress_future_workflow_manual_trigger":{"enabledWorkflows":[]},"_links":{"self":[{"href":"https:\/\/laterna.fi\/en\/wp-json\/wp\/v2\/posts\/3113","targetHints":{"allow":["GET"]}}],"collection":[{"href":"https:\/\/laterna.fi\/en\/wp-json\/wp\/v2\/posts"}],"about":[{"href":"https:\/\/laterna.fi\/en\/wp-json\/wp\/v2\/types\/post"}],"author":[{"embeddable":true,"href":"https:\/\/laterna.fi\/en\/wp-json\/wp\/v2\/users\/3"}],"replies":[{"embeddable":true,"href":"https:\/\/laterna.fi\/en\/wp-json\/wp\/v2\/comments?post=3113"}],"version-history":[{"count":1,"href":"https:\/\/laterna.fi\/en\/wp-json\/wp\/v2\/posts\/3113\/revisions"}],"predecessor-version":[{"id":3115,"href":"https:\/\/laterna.fi\/en\/wp-json\/wp\/v2\/posts\/3113\/revisions\/3115"}],"wp:featuredmedia":[{"embeddable":true,"href":"https:\/\/laterna.fi\/en\/wp-json\/wp\/v2\/media\/3114"}],"wp:attachment":[{"href":"https:\/\/laterna.fi\/en\/wp-json\/wp\/v2\/media?parent=3113"}],"wp:term":[{"taxonomy":"category","embeddable":true,"href":"https:\/\/laterna.fi\/en\/wp-json\/wp\/v2\/categories?post=3113"},{"taxonomy":"post_tag","embeddable":true,"href":"https:\/\/laterna.fi\/en\/wp-json\/wp\/v2\/tags?post=3113"}],"curies":[{"name":"wp","href":"https:\/\/api.w.org\/{rel}","templated":true}]}}