{"id":3713,"date":"2025-02-27T15:34:25","date_gmt":"2025-02-27T13:34:25","guid":{"rendered":"https:\/\/laterna.fi\/?p=3713"},"modified":"2025-05-27T15:27:31","modified_gmt":"2025-05-27T12:27:31","slug":"joni-ekman-group","status":"publish","type":"post","link":"https:\/\/laterna.fi\/en\/ohjelmisto\/menneettapahtumat\/joni-ekman-group\/","title":{"rendered":"Joni Ekman Group \/\/ Kobran k\u00e4det"},"content":{"rendered":"<p>Joni Ekman Group kes\u00e4kuussa Laternaan!<\/p>\n\n\n\n<p>Joni Ekman Group on tamperelainen rockyhtye joka osaa rokata r\u00e4j\u00e4ht\u00e4v\u00e4sti ja tunnelmoida herk\u00e4sti. Voimatrion soinnissa kuuluu vahvasti 1960- ja 1970-lukuisten&nbsp;klassikkob\u00e4ndien vaikutus. B\u00e4ndi\u00e4 on verrattu jopa mm. Wigwamin ja Tabula Rasan vertaiseksi mutta vertaukset sikseen, b\u00e4ndi soi aivan omalla tyylill\u00e4\u00e4n.<\/p>\n\n\n\n<p>Joni Ekman Groupin livekokoonpanossa Jonin mukana musisoivat&nbsp;Sini Suvanto&nbsp;ja&nbsp;Kalle Stenvik. Laternassa Joni Ekman Group esiintyy kvartettina Jukka Nousiaisella vahvistettuna. Tule ja koe harvinaislaatuinen show!<\/p>\n\n\n\n<p>20.00 Kobran k\u00e4det<br>21.00 Joni Ekman Group<\/p>\n\n\n\n<p>DJ-duon rokkidisko jatkuu keikan j\u00e4lkeen 01 asti!<\/p>\n\n\n\n<p>Liput ennakkoon Tiketist\u00e4 15e, ovelta 18e.<\/p>\n\n\n\n<p>Laterna auki normaalisti 17-00 (keitti\u00f6 23)<\/p>","protected":false},"excerpt":{"rendered":"<p>Joni Ekman Group kes\u00e4kuussa Laternaan! Joni Ekman Group on tamperelainen rockyhtye joka osaa rokata r\u00e4j\u00e4ht\u00e4v\u00e4sti ja tunnelmoida herk\u00e4sti. Voimatrion soinnissa kuuluu vahvasti 1960- ja 1970-lukuisten&nbsp;klassikkob\u00e4ndien vaikutus. B\u00e4ndi\u00e4 on verrattu jopa mm. Wigwamin ja Tabula Rasan vertaiseksi mutta vertaukset sikseen, b\u00e4ndi soi aivan omalla tyylill\u00e4\u00e4n. Joni Ekman Groupin livekokoonpanossa Jonin mukana musisoivat&nbsp;Sini Suvanto&nbsp;ja&nbsp;Kalle Stenvik. Laternassa Joni [&hellip;]<\/p>\n","protected":false},"author":3,"featured_media":3729,"comment_status":"closed","ping_status":"open","sticky":false,"template":"","format":"standard","meta":{"_acf_changed":false,"footnotes":""},"categories":[7],"tags":[],"class_list":["post-3713","post","type-post","status-publish","format-standard","has-post-thumbnail","hentry","category-menneettapahtumat"],"acf":[],"publishpress_future_action":{"enabled":false,"date":"2026-05-06 06:04:28","action":"category","newStatus":"draft","terms":[7],"taxonomy":"category","extraData":[]},"publishpress_future_workflow_manual_trigger":{"enabledWorkflows":[]},"_links":{"self":[{"href":"https:\/\/laterna.fi\/en\/wp-json\/wp\/v2\/posts\/3713","targetHints":{"allow":["GET"]}}],"collection":[{"href":"https:\/\/laterna.fi\/en\/wp-json\/wp\/v2\/posts"}],"about":[{"href":"https:\/\/laterna.fi\/en\/wp-json\/wp\/v2\/types\/post"}],"author":[{"embeddable":true,"href":"https:\/\/laterna.fi\/en\/wp-json\/wp\/v2\/users\/3"}],"replies":[{"embeddable":true,"href":"https:\/\/laterna.fi\/en\/wp-json\/wp\/v2\/comments?post=3713"}],"version-history":[{"count":6,"href":"https:\/\/laterna.fi\/en\/wp-json\/wp\/v2\/posts\/3713\/revisions"}],"predecessor-version":[{"id":4274,"href":"https:\/\/laterna.fi\/en\/wp-json\/wp\/v2\/posts\/3713\/revisions\/4274"}],"wp:featuredmedia":[{"embeddable":true,"href":"https:\/\/laterna.fi\/en\/wp-json\/wp\/v2\/media\/3729"}],"wp:attachment":[{"href":"https:\/\/laterna.fi\/en\/wp-json\/wp\/v2\/media?parent=3713"}],"wp:term":[{"taxonomy":"category","embeddable":true,"href":"https:\/\/laterna.fi\/en\/wp-json\/wp\/v2\/categories?post=3713"},{"taxonomy":"post_tag","embeddable":true,"href":"https:\/\/laterna.fi\/en\/wp-json\/wp\/v2\/tags?post=3713"}],"curies":[{"name":"wp","href":"https:\/\/api.w.org\/{rel}","templated":true}]}}